{"id":89328,"date":"2020-04-29T12:29:11","date_gmt":"2020-04-29T10:29:11","guid":{"rendered":"https:\/\/admin.travel-advisor.eu\/?p=89328"},"modified":"2020-04-29T12:29:11","modified_gmt":"2020-04-29T10:29:11","slug":"saalbach-bike-community","status":"publish","type":"post","link":"https:\/\/travel-advisor.eu\/en\/saalbach-bike-community\/","title":{"rendered":"Saalbach Bike Community"},"content":{"rendered":"<table class=\"m_-4899906694944793432main\" border=\"0\" width=\"600\" cellspacing=\"0\" cellpadding=\"0\">\n<tbody>\n<tr>\n<td class=\"m_-4899906694944793432meldung-full-subheadline\" style=\"width: 676px;\" align=\"left\" valign=\"top\">Saalbach Bike Community<\/p>\n<p>Austria&#8217;s largest bike region starts into the summer season on 11th of June \/\/ Cancellation GlemmRide Bike Festival and Saalbach Bike Opening<\/td>\n<\/tr>\n<tr>\n<td class=\"m_-4899906694944793432meldung-full-short\" style=\"width: 676px;\" align=\"left\" valign=\"top\">With a heavy heart we have to cancel our GlemmRide Bike Festival and the Saalbach Bike Opening from the event calendar. Due to the current situation, we have been thinking for a long time whether and in what form we could carry out the event. Due to government regulations this decision has now been taken away from us. We are very sorry that we cannot offer you a bike weekend in the usual GlemmRide manner this year.<\/p>\n<p><img fetchpriority=\"high\" decoding=\"async\" class=\"alignnone size-full wp-image-89335\" src=\"https:\/\/d3gl5uvjs9q0p7.cloudfront.net\/uploads\/2020\/04\/Saalbach-Bike-2019-c-saalbach.com-Hansi-Heckmair-2-scaled-e1588156017262.jpg\" alt=\"Saalbach Bike Community\" width=\"2560\" height=\"1707\" \/><\/p>\n<p><strong>BUT: Our trails are waiting for you!<\/strong><br \/>\nEven if the SAALBACH BIKE OPENING cannot take place as planned, you can rely on Austria&#8217;s biggest bike region. With 11th of June we start into the summer season with everything Saalbach Hinterglemm has to offer. That means: We will bring you to the entry gates of over 70 km of trails &amp; lines until 4th of October!<\/p>\n<p><strong>We hope to give you a small or even a big ray of hope for the upcoming bike season. The GlemmRide Bike Festival will take place from 1st to 4th of July 2021.<\/strong><br \/>\n<img decoding=\"async\" class=\"alignnone size-full wp-image-89341\" src=\"https:\/\/d3gl5uvjs9q0p7.cloudfront.net\/uploads\/2020\/04\/Saalbach-Bike-2019-c-saalbach.com-Stefan-Voitl-12-scaled.jpg\" alt=\"Saalbach Bike Community\" width=\"2560\" height=\"1707\" srcset=\"https:\/\/travel-advisor.eu\/wp-content\/uploads\/2020\/04\/Saalbach-Bike-2019-c-saalbach.com-Stefan-Voitl-12-scaled.jpg 2560w, https:\/\/travel-advisor.eu\/wp-content\/uploads\/2020\/04\/Saalbach-Bike-2019-c-saalbach.com-Stefan-Voitl-12-768x512.jpg 768w, https:\/\/travel-advisor.eu\/wp-content\/uploads\/2020\/04\/Saalbach-Bike-2019-c-saalbach.com-Stefan-Voitl-12-1536x1024.jpg 1536w, https:\/\/travel-advisor.eu\/wp-content\/uploads\/2020\/04\/Saalbach-Bike-2019-c-saalbach.com-Stefan-Voitl-12-2048x1365.jpg 2048w, https:\/\/travel-advisor.eu\/wp-content\/uploads\/2020\/04\/Saalbach-Bike-2019-c-saalbach.com-Stefan-Voitl-12-696x464.jpg 696w, https:\/\/travel-advisor.eu\/wp-content\/uploads\/2020\/04\/Saalbach-Bike-2019-c-saalbach.com-Stefan-Voitl-12-1068x712.jpg 1068w, https:\/\/travel-advisor.eu\/wp-content\/uploads\/2020\/04\/Saalbach-Bike-2019-c-saalbach.com-Stefan-Voitl-12-630x420.jpg 630w\" sizes=\"(max-width: 2560px) 100vw, 2560px\" \/><br \/>\n<strong>Still unsure? Flexi Booking!<\/strong><br \/>\nWe are aware that booking a holiday in times like these is associated with certain uncertainties. At least we would like to take this uncertainty away from you. Therefore we have initiated the &#8220;Flexi Booking&#8221; campaign together with our members. All bookings for summer 2020, which are made via\u00a0<a href=\"http:\/\/saalbach.com\/\" target=\"_blank\" rel=\"noopener noreferrer\" data-saferedirecturl=\"https:\/\/www.google.com\/url?q=http:\/\/saalbach.com&amp;source=gmail&amp;ust=1588241360651000&amp;usg=AFQjCNEqknU-W5etUnLaqP2es_JM7xqa0w\">saalbach.com<\/a>\u00a0or directly with the landlord &#8211; marked with the green Flexi Booking Button &#8211; can be cancelled or rebooked free of charge until 14 days before arrival. Without discussion, without giving reasons.<\/p>\n<p>See you on the trails!<\/p>\n<p>Further information under\u00a0<strong><a href=\"https:\/\/www.saalbach.com\/en\" target=\"_blank\" rel=\"noopener noreferrer\" data-saferedirecturl=\"https:\/\/www.google.com\/url?q=https:\/\/www.saalbach.com\/en&amp;source=gmail&amp;ust=1588241360651000&amp;usg=AFQjCNHnUg_Z5QPpZwYMY1LmlZZE1GbIEw\">saalbach.com<\/a><\/strong><\/p>\n<p><a href=\"https:\/\/travel-advisor.eu\/en\/\">Travel Advisor<\/a>\u00a0\u2013\u00a0<a href=\"https:\/\/travel-advisor.eu\/en\/category\/travel\/\">Travel<\/a><\/p>\n<p>Visit our\u00a0<a href=\"https:\/\/www.youtube.com\/channel\/UCha4eD6x7Ax_FTtiw7D_prg\">YouTube<\/a>\u00a0channel.<\/td>\n<\/tr>\n<\/tbody>\n<\/table>\n","protected":false},"excerpt":{"rendered":"<p>Saalbach Bike Community Austria&#8217;s largest bike region starts into the summer season on 11th of June \/\/ Cancellation GlemmRide Bike Festival and Saalbach Bike Opening With a heavy heart we have to cancel our GlemmRide Bike Festival and the Saalbach Bike Opening from the event calendar. Due to the current situation, we have been thinking [&hellip;]<\/p>\n","protected":false},"author":1,"featured_media":89329,"comment_status":"closed","ping_status":"open","sticky":false,"template":"","format":"standard","meta":{"footnotes":""},"categories":[127],"tags":[],"yoast_head":"<!-- This site is optimized with the Yoast SEO plugin v22.9 - https:\/\/yoast.com\/wordpress\/plugins\/seo\/ -->\n<title>Saalbach Bike Community - Travel Advisor<\/title>\n<meta name=\"robots\" content=\"index, follow, max-snippet:-1, max-image-preview:large, max-video-preview:-1\" \/>\n<link rel=\"canonical\" href=\"https:\/\/travel-advisor.eu\/en\/saalbach-bike-community\/\" \/>\n<meta property=\"og:locale\" content=\"en_US\" \/>\n<meta property=\"og:type\" content=\"article\" \/>\n<meta property=\"og:title\" content=\"Saalbach Bike Community - Travel Advisor\" \/>\n<meta property=\"og:description\" content=\"Saalbach Bike Community Austria&#8217;s largest bike region starts into the summer season on 11th of June \/\/ Cancellation GlemmRide Bike Festival and Saalbach Bike Opening With a heavy heart we have to cancel our GlemmRide Bike Festival and the Saalbach Bike Opening from the event calendar. Due to the current situation, we have been thinking [&hellip;]\" \/>\n<meta property=\"og:url\" content=\"https:\/\/travel-advisor.eu\/en\/saalbach-bike-community\/\" \/>\n<meta property=\"og:site_name\" content=\"Travel Advisor\" \/>\n<meta property=\"article:publisher\" content=\"https:\/\/www.facebook.com\/Savjetnik-za-putovanja-1268106453311008\/\" \/>\n<meta property=\"article:published_time\" content=\"2020-04-29T10:29:11+00:00\" \/>\n<meta property=\"og:image\" content=\"https:\/\/travel-advisor.eu\/uploads\/2020\/04\/Saalbach-Bike-2019-c-saalbach.com-Hansi-Heckmair-4-scaled-e1588155936363.jpg\" \/>\n\t<meta property=\"og:image:width\" content=\"800\" \/>\n\t<meta property=\"og:image:height\" content=\"533\" \/>\n\t<meta property=\"og:image:type\" content=\"image\/jpeg\" \/>\n<meta name=\"author\" content=\"Vlado \u0160estan\" \/>\n<meta name=\"twitter:card\" content=\"summary_large_image\" \/>\n<meta name=\"twitter:label1\" content=\"Written by\" \/>\n\t<meta name=\"twitter:data1\" content=\"Vlado \u0160estan\" \/>\n\t<meta name=\"twitter:label2\" content=\"Est. reading time\" \/>\n\t<meta name=\"twitter:data2\" content=\"1 minute\" \/>\n<script type=\"application\/ld+json\" class=\"yoast-schema-graph\">{\"@context\":\"https:\/\/schema.org\",\"@graph\":[{\"@type\":\"WebPage\",\"@id\":\"https:\/\/travel-advisor.eu\/en\/saalbach-bike-community\/\",\"url\":\"https:\/\/travel-advisor.eu\/en\/saalbach-bike-community\/\",\"name\":\"Saalbach Bike Community - Travel Advisor\",\"isPartOf\":{\"@id\":\"https:\/\/travel-advisor.eu\/#website\"},\"primaryImageOfPage\":{\"@id\":\"https:\/\/travel-advisor.eu\/en\/saalbach-bike-community\/#primaryimage\"},\"image\":{\"@id\":\"https:\/\/travel-advisor.eu\/en\/saalbach-bike-community\/#primaryimage\"},\"thumbnailUrl\":\"https:\/\/travel-advisor.eu\/wp-content\/uploads\/2020\/04\/Saalbach-Bike-2019-c-saalbach.com-Hansi-Heckmair-4-scaled-e1588155936363.jpg\",\"datePublished\":\"2020-04-29T10:29:11+00:00\",\"dateModified\":\"2020-04-29T10:29:11+00:00\",\"author\":{\"@id\":\"https:\/\/travel-advisor.eu\/#\/schema\/person\/a2406c3a4f583120a0d3ca1eb9cc3fc4\"},\"breadcrumb\":{\"@id\":\"https:\/\/travel-advisor.eu\/en\/saalbach-bike-community\/#breadcrumb\"},\"inLanguage\":\"en-US\",\"potentialAction\":[{\"@type\":\"ReadAction\",\"target\":[\"https:\/\/travel-advisor.eu\/en\/saalbach-bike-community\/\"]}]},{\"@type\":\"ImageObject\",\"inLanguage\":\"en-US\",\"@id\":\"https:\/\/travel-advisor.eu\/en\/saalbach-bike-community\/#primaryimage\",\"url\":\"https:\/\/travel-advisor.eu\/wp-content\/uploads\/2020\/04\/Saalbach-Bike-2019-c-saalbach.com-Hansi-Heckmair-4-scaled-e1588155936363.jpg\",\"contentUrl\":\"https:\/\/travel-advisor.eu\/wp-content\/uploads\/2020\/04\/Saalbach-Bike-2019-c-saalbach.com-Hansi-Heckmair-4-scaled-e1588155936363.jpg\",\"width\":800,\"height\":533,\"caption\":\"Saalbach Bike Community\"},{\"@type\":\"BreadcrumbList\",\"@id\":\"https:\/\/travel-advisor.eu\/en\/saalbach-bike-community\/#breadcrumb\",\"itemListElement\":[{\"@type\":\"ListItem\",\"position\":1,\"name\":\"Po\u010detna stranica\",\"item\":\"https:\/\/travel-advisor.eu\/\"},{\"@type\":\"ListItem\",\"position\":2,\"name\":\"Saalbach Bike Community\"}]},{\"@type\":\"WebSite\",\"@id\":\"https:\/\/travel-advisor.eu\/#website\",\"url\":\"https:\/\/travel-advisor.eu\/\",\"name\":\"Travel Advisor\",\"description\":\"Magazin u kojem putnici pi\u0161u za putnike\",\"potentialAction\":[{\"@type\":\"SearchAction\",\"target\":{\"@type\":\"EntryPoint\",\"urlTemplate\":\"https:\/\/travel-advisor.eu\/?s={search_term_string}\"},\"query-input\":\"required name=search_term_string\"}],\"inLanguage\":\"en-US\"},{\"@type\":\"Person\",\"@id\":\"https:\/\/travel-advisor.eu\/#\/schema\/person\/a2406c3a4f583120a0d3ca1eb9cc3fc4\",\"name\":\"Vlado \u0160estan\",\"image\":{\"@type\":\"ImageObject\",\"inLanguage\":\"en-US\",\"@id\":\"https:\/\/travel-advisor.eu\/#\/schema\/person\/image\/\",\"url\":\"https:\/\/secure.gravatar.com\/avatar\/6e759608fe124d48b335a8e2d241e645?s=96&d=mm&r=g\",\"contentUrl\":\"https:\/\/secure.gravatar.com\/avatar\/6e759608fe124d48b335a8e2d241e645?s=96&d=mm&r=g\",\"caption\":\"Vlado \u0160estan\"},\"description\":\"Profesionalni putnik, turisti\u010dki novinar i influencer na putu oko 200 dana godi\u0161nje i tako desetlje\u0107ima. Skijanje je odredilo mnogo toga u \u017eivotu i uvijek bi radije izabrao tjedan dana skijanja od par tjedana neke dosadne pla\u017ee.\",\"url\":\"https:\/\/travel-advisor.eu\/en\/author\/admin\/\"}]}<\/script>\n<!-- \/ Yoast SEO plugin. -->","yoast_head_json":{"title":"Saalbach Bike Community - Travel Advisor","robots":{"index":"index","follow":"follow","max-snippet":"max-snippet:-1","max-image-preview":"max-image-preview:large","max-video-preview":"max-video-preview:-1"},"canonical":"https:\/\/travel-advisor.eu\/en\/saalbach-bike-community\/","og_locale":"en_US","og_type":"article","og_title":"Saalbach Bike Community - Travel Advisor","og_description":"Saalbach Bike Community Austria&#8217;s largest bike region starts into the summer season on 11th of June \/\/ Cancellation GlemmRide Bike Festival and Saalbach Bike Opening With a heavy heart we have to cancel our GlemmRide Bike Festival and the Saalbach Bike Opening from the event calendar. Due to the current situation, we have been thinking [&hellip;]","og_url":"https:\/\/travel-advisor.eu\/en\/saalbach-bike-community\/","og_site_name":"Travel Advisor","article_publisher":"https:\/\/www.facebook.com\/Savjetnik-za-putovanja-1268106453311008\/","article_published_time":"2020-04-29T10:29:11+00:00","og_image":[{"width":800,"height":533,"url":"https:\/\/travel-advisor.eu\/uploads\/2020\/04\/Saalbach-Bike-2019-c-saalbach.com-Hansi-Heckmair-4-scaled-e1588155936363.jpg","type":"image\/jpeg"}],"author":"Vlado \u0160estan","twitter_card":"summary_large_image","twitter_misc":{"Written by":"Vlado \u0160estan","Est. reading time":"1 minute"},"schema":{"@context":"https:\/\/schema.org","@graph":[{"@type":"WebPage","@id":"https:\/\/travel-advisor.eu\/en\/saalbach-bike-community\/","url":"https:\/\/travel-advisor.eu\/en\/saalbach-bike-community\/","name":"Saalbach Bike Community - Travel Advisor","isPartOf":{"@id":"https:\/\/travel-advisor.eu\/#website"},"primaryImageOfPage":{"@id":"https:\/\/travel-advisor.eu\/en\/saalbach-bike-community\/#primaryimage"},"image":{"@id":"https:\/\/travel-advisor.eu\/en\/saalbach-bike-community\/#primaryimage"},"thumbnailUrl":"https:\/\/travel-advisor.eu\/wp-content\/uploads\/2020\/04\/Saalbach-Bike-2019-c-saalbach.com-Hansi-Heckmair-4-scaled-e1588155936363.jpg","datePublished":"2020-04-29T10:29:11+00:00","dateModified":"2020-04-29T10:29:11+00:00","author":{"@id":"https:\/\/travel-advisor.eu\/#\/schema\/person\/a2406c3a4f583120a0d3ca1eb9cc3fc4"},"breadcrumb":{"@id":"https:\/\/travel-advisor.eu\/en\/saalbach-bike-community\/#breadcrumb"},"inLanguage":"en-US","potentialAction":[{"@type":"ReadAction","target":["https:\/\/travel-advisor.eu\/en\/saalbach-bike-community\/"]}]},{"@type":"ImageObject","inLanguage":"en-US","@id":"https:\/\/travel-advisor.eu\/en\/saalbach-bike-community\/#primaryimage","url":"https:\/\/travel-advisor.eu\/wp-content\/uploads\/2020\/04\/Saalbach-Bike-2019-c-saalbach.com-Hansi-Heckmair-4-scaled-e1588155936363.jpg","contentUrl":"https:\/\/travel-advisor.eu\/wp-content\/uploads\/2020\/04\/Saalbach-Bike-2019-c-saalbach.com-Hansi-Heckmair-4-scaled-e1588155936363.jpg","width":800,"height":533,"caption":"Saalbach Bike Community"},{"@type":"BreadcrumbList","@id":"https:\/\/travel-advisor.eu\/en\/saalbach-bike-community\/#breadcrumb","itemListElement":[{"@type":"ListItem","position":1,"name":"Po\u010detna stranica","item":"https:\/\/travel-advisor.eu\/"},{"@type":"ListItem","position":2,"name":"Saalbach Bike Community"}]},{"@type":"WebSite","@id":"https:\/\/travel-advisor.eu\/#website","url":"https:\/\/travel-advisor.eu\/","name":"Travel Advisor","description":"Magazin u kojem putnici pi\u0161u za putnike","potentialAction":[{"@type":"SearchAction","target":{"@type":"EntryPoint","urlTemplate":"https:\/\/travel-advisor.eu\/?s={search_term_string}"},"query-input":"required name=search_term_string"}],"inLanguage":"en-US"},{"@type":"Person","@id":"https:\/\/travel-advisor.eu\/#\/schema\/person\/a2406c3a4f583120a0d3ca1eb9cc3fc4","name":"Vlado \u0160estan","image":{"@type":"ImageObject","inLanguage":"en-US","@id":"https:\/\/travel-advisor.eu\/#\/schema\/person\/image\/","url":"https:\/\/secure.gravatar.com\/avatar\/6e759608fe124d48b335a8e2d241e645?s=96&d=mm&r=g","contentUrl":"https:\/\/secure.gravatar.com\/avatar\/6e759608fe124d48b335a8e2d241e645?s=96&d=mm&r=g","caption":"Vlado \u0160estan"},"description":"Profesionalni putnik, turisti\u010dki novinar i influencer na putu oko 200 dana godi\u0161nje i tako desetlje\u0107ima. Skijanje je odredilo mnogo toga u \u017eivotu i uvijek bi radije izabrao tjedan dana skijanja od par tjedana neke dosadne pla\u017ee.","url":"https:\/\/travel-advisor.eu\/en\/author\/admin\/"}]}},"_links":{"self":[{"href":"https:\/\/travel-advisor.eu\/en\/wp-json\/wp\/v2\/posts\/89328"}],"collection":[{"href":"https:\/\/travel-advisor.eu\/en\/wp-json\/wp\/v2\/posts"}],"about":[{"href":"https:\/\/travel-advisor.eu\/en\/wp-json\/wp\/v2\/types\/post"}],"author":[{"embeddable":true,"href":"https:\/\/travel-advisor.eu\/en\/wp-json\/wp\/v2\/users\/1"}],"replies":[{"embeddable":true,"href":"https:\/\/travel-advisor.eu\/en\/wp-json\/wp\/v2\/comments?post=89328"}],"version-history":[{"count":0,"href":"https:\/\/travel-advisor.eu\/en\/wp-json\/wp\/v2\/posts\/89328\/revisions"}],"wp:featuredmedia":[{"embeddable":true,"href":"https:\/\/travel-advisor.eu\/en\/wp-json\/wp\/v2\/media\/89329"}],"wp:attachment":[{"href":"https:\/\/travel-advisor.eu\/en\/wp-json\/wp\/v2\/media?parent=89328"}],"wp:term":[{"taxonomy":"category","embeddable":true,"href":"https:\/\/travel-advisor.eu\/en\/wp-json\/wp\/v2\/categories?post=89328"},{"taxonomy":"post_tag","embeddable":true,"href":"https:\/\/travel-advisor.eu\/en\/wp-json\/wp\/v2\/tags?post=89328"}],"curies":[{"name":"wp","href":"https:\/\/api.w.org\/{rel}","templated":true}]}}