{"id":122755,"date":"2021-12-13T07:00:43","date_gmt":"2021-12-13T05:00:43","guid":{"rendered":"https:\/\/admin.travel-advisor.eu\/?p=122755"},"modified":"2021-12-13T14:26:49","modified_gmt":"2021-12-13T12:26:49","slug":"rumunija-inostranstvo-na-2-sata-voznje","status":"publish","type":"post","link":"https:\/\/travel-advisor.eu\/sr\/rumunija-inostranstvo-na-2-sata-voznje\/","title":{"rendered":"Rumunija \u2013 inostranstvo na 2 sata vo\u017enje"},"content":{"rendered":"<p style=\"text-align: justify;\">Da li ste nekada bili u <strong>Rumuniji,<\/strong> zemlji sa preko 250 dvoraca, me\u0111u kojima je i \u010duveni dvorac i zavi\u010daj grofa Drakule, zemlji jednog od retkih autenti\u010dnih srednjovekovnih gradova, Crnog mora i Karpata? Ako niste, predla\u017eemo da po\u010dnete od vikend putovanja i obilaska najbli\u017eeg evropskog grada. <strong>Na udaljenosti kao do \u010ca\u010dka<\/strong>, samo 150km od Beograda <strong>i oko 2h vo\u017enje nalazi se pravi neotkriveni dragulj \u2013 Temi\u0161var.<\/strong><\/p>\n<h3 style=\"text-align: justify;\"><strong>Najve\u0107i grad i centar zapadne Rumunije<\/strong><\/h3>\n<p style=\"text-align: justify;\">Glavni grad Rumunije je <strong>Bukure\u0161t,<\/strong> a <strong>Temi\u0161var<\/strong> je glavni grad rumunskog Banata, ujedno tre\u0107i po veli\u010dini u Rumuniji, i moje odredi\u0161te ovog vikenda. Poznat je i kao kulturni, obrazovni i trgova\u010dki centar zapadne Rumunije. Udaljen 45km od granice sa svojih 320.000 stanovnika rodni je grad Dosteja Obradovi\u0107a i nekada\u0161nji centar srpske kulture. Danas ovde \u017eivi 85% rumunskog stanovi\u0161tva, a ostatak \u010dine Ma\u0111ari, Nemci i Srbi. <strong>Sme\u0161ten je na reci Tami\u0161<\/strong> \u2013 stoga naziv Temi\u0161var, <strong>u prevodu sa rumunskog zna\u010di grad na Tami\u0161u.<\/strong><\/p>\n<p><img fetchpriority=\"high\" decoding=\"async\" class=\"alignnone wp-image-122518\" src=\"https:\/\/d3gl5uvjs9q0p7.cloudfront.net\/uploads\/2021\/12\/263610802_223770249871464_8014852199007433621_n.jpg\" alt=\"\" width=\"800\" height=\"449\" srcset=\"https:\/\/travel-advisor.eu\/wp-content\/uploads\/2021\/12\/263610802_223770249871464_8014852199007433621_n.jpg 1200w, https:\/\/travel-advisor.eu\/wp-content\/uploads\/2021\/12\/263610802_223770249871464_8014852199007433621_n-768x431.jpg 768w, https:\/\/travel-advisor.eu\/wp-content\/uploads\/2021\/12\/263610802_223770249871464_8014852199007433621_n-696x391.jpg 696w, https:\/\/travel-advisor.eu\/wp-content\/uploads\/2021\/12\/263610802_223770249871464_8014852199007433621_n-1068x600.jpg 1068w, https:\/\/travel-advisor.eu\/wp-content\/uploads\/2021\/12\/263610802_223770249871464_8014852199007433621_n-748x420.jpg 748w\" sizes=\"(max-width: 800px) 100vw, 800px\" \/><\/p>\n<p style=\"text-align: justify;\">S obzirom da imam familiju ceo svoj \u017eivot dolazim u Temi\u0161var, tako da ga do\u017eivljavam kao \u2019drugu ku\u0107u\u2019, medjutim svaki put kada do\u0111em u ovaj grad otkrijem i do\u017eivim ne\u0161to novo. Tako je i ovog puta.<\/p>\n<p style=\"text-align: justify;\">Prvi vikend decembra, petak popodne, idealan momenat da se skokne u kra\u0107u posetu na vikend dru\u017eenje u Temi\u0161varu. Ovo je prvi put da idem od kako \u017eivimo u covid eri, ve\u0107 nekoliko puta su mi covid zabrane ili nedostatak vremena remetili planove, a s obzirom da nam preti i omikron, nekako sam zaklju\u010dila da je momenat \u2019sad ili nikad\u2019. <strong>Proveravam na sajtu \u0161ta je potrebno za ulaz u zemlju \u2013 potvrda o vakcinaciji ili PCR test, s obzirom da imam ve\u0107 3 doze vakcine i Zeleni paso\u0161 e-uprave<\/strong>, spremna sam za put.<\/p>\n<h3 style=\"text-align: justify;\"><strong>Idealna vikend evropska destinacija<\/strong><\/h3>\n<p style=\"text-align: justify;\">Kre\u0107em iz Beograda oko 16h, preuzimam rent-a-car fiat 500, firme @500.for.you ispred Arene i ule\u0107em u popodnevni \u0161pic na Brankovom mostu. S obzirom da putujem sama i da je put ravan jer je u pitanju Banat i ravnica, popularni \u2019fi\u0107a\u2019 je idealan za ovu avanturu i za \u0161vr\u0107kanje po Temi\u0161varu.<\/p>\n<p style=\"text-align: justify;\">Nakon sipanja goriva, izvr\u0161enih kupovina poklona i jedne kafe u Vr\u0161cu, sti\u017eem na granicu negde oko 19:15. Na izlazu iz Srbije, nakon 20ak minuta \u010dekanja, pokazujem paso\u0161 i saobra\u0107ajnu, a na ulazu u Rumuniju prila\u017eem uz paso\u0161 i svoj Zeleni paso\u0161, odnosno potvrdu o izvr\u0161enoj vakcinaciji, puna entuzijazma \u0161to kona\u010dno sti\u017eem u dugo planiranu i kovidom odlaganu posetu.<\/p>\n<p><img decoding=\"async\" class=\"alignnone wp-image-122570\" src=\"https:\/\/d3gl5uvjs9q0p7.cloudfront.net\/uploads\/2021\/12\/263454719_1076295799791049_365004556731954987_n.jpg\" alt=\"\" width=\"800\" height=\"800\" srcset=\"https:\/\/travel-advisor.eu\/wp-content\/uploads\/2021\/12\/263454719_1076295799791049_365004556731954987_n.jpg 2048w, https:\/\/travel-advisor.eu\/wp-content\/uploads\/2021\/12\/263454719_1076295799791049_365004556731954987_n-768x768.jpg 768w, https:\/\/travel-advisor.eu\/wp-content\/uploads\/2021\/12\/263454719_1076295799791049_365004556731954987_n-1536x1536.jpg 1536w, https:\/\/travel-advisor.eu\/wp-content\/uploads\/2021\/12\/263454719_1076295799791049_365004556731954987_n-696x696.jpg 696w, https:\/\/travel-advisor.eu\/wp-content\/uploads\/2021\/12\/263454719_1076295799791049_365004556731954987_n-1068x1068.jpg 1068w, https:\/\/travel-advisor.eu\/wp-content\/uploads\/2021\/12\/263454719_1076295799791049_365004556731954987_n-420x420.jpg 420w\" sizes=\"(max-width: 800px) 100vw, 800px\" \/><\/p>\n<p style=\"text-align: justify;\"><strong>Rumunski policajac<\/strong>, naravno smrknut i preozbiljan, (ukorenjeno jo\u0161 iz \u010cau\u0161eskovog vremena) imun na moj osmeh i \u0161arm, pita \u2019Gde ide\u2019, u Temi\u0161var \u2013 odgovaram. \u2019Za\u0161to?\u2019 \u2013 kod familije, \u2019gde ti je EU sertifikat\u2019 \u2013 upravo sam Vam dala, \u2019EU, EU\u2019 po\u010dinje da ma\u0161e sa mojim papirom. Pa to je sertifikat, zeleni \u2013 poku\u0161avam da se sporazumem i objasnim. Nije, <strong>ka\u017ee, nema EU sertifikat \u2013 nazad u Srbija<\/strong>. Ali kako nemam, to sam dobila od e-uprave na mejl, poka\u017eem mu sa telefona u digitalnoj varijanti sa QR kodom, ka\u017ee to nije EU, taj se ne priznaje &#8211; nema sertifikat, ne mo\u017ee da u\u0111e u Rumunija!<\/p>\n<p style=\"text-align: justify;\">Potpuno \u0161okirana i u \u010dudu, gledam u spu\u0161tenu rampu i Rumuniju na samo nekoliko metara ispred sebe, razmi\u0161ljam da li da se zaletim i projurim kroz rampu, me\u0111utim ipak odlu\u010dujem da izbegnem me\u0111unarodni incident i okre\u0107em se nazad.<\/p>\n<p><img decoding=\"async\" class=\"alignnone wp-image-122574\" src=\"https:\/\/d3gl5uvjs9q0p7.cloudfront.net\/uploads\/2021\/12\/263123741_292478402790283_1526443466695392610_n.jpg\" alt=\"\" width=\"600\" height=\"800\" srcset=\"https:\/\/travel-advisor.eu\/wp-content\/uploads\/2021\/12\/263123741_292478402790283_1526443466695392610_n.jpg 1536w, https:\/\/travel-advisor.eu\/wp-content\/uploads\/2021\/12\/263123741_292478402790283_1526443466695392610_n-768x1024.jpg 768w, https:\/\/travel-advisor.eu\/wp-content\/uploads\/2021\/12\/263123741_292478402790283_1526443466695392610_n-1152x1536.jpg 1152w, https:\/\/travel-advisor.eu\/wp-content\/uploads\/2021\/12\/263123741_292478402790283_1526443466695392610_n-696x928.jpg 696w, https:\/\/travel-advisor.eu\/wp-content\/uploads\/2021\/12\/263123741_292478402790283_1526443466695392610_n-1068x1424.jpg 1068w, https:\/\/travel-advisor.eu\/wp-content\/uploads\/2021\/12\/263123741_292478402790283_1526443466695392610_n-315x420.jpg 315w\" sizes=\"(max-width: 600px) 100vw, 600px\" \/><\/p>\n<p style=\"text-align: justify;\">Ba\u0161 u tom momentu nailazi \u010dovek sa nekim papirima u ruci, i pokazuje mi da stanem, zaklju\u010dio je o \u010demu se radi \u2013 ka\u017ee mi da <strong>svaka po\u0161ta, a najbli\u017ea mi je po\u0161ta u Vr\u0161cu, izdaje taj \u2019EU\u2019 sertifikat skeniranjem paso\u0161a<\/strong>. On vozi kamion i ista stvar mu se dogodila dan ranije na prelazu. Me\u0111utim, s obzirom da je ve\u0107 bilo 19:50, a da po\u0161te u Srbiji rade do 19h, zovem policijsku stanicu u Vr\u0161cu da proverim da li oni slu\u010dajno izdaju ove sertifikate \u2013 ne, samo u po\u0161ti. <strong>Odlu\u010dujem da prespavam u Vr\u0161cu<\/strong> i ujutru probam sve ispo\u010detka.<\/p>\n<h3 style=\"text-align: justify;\"><strong>Neplanirani boravak u Vr\u0161cu<\/strong><\/h3>\n<p style=\"text-align: justify;\"><strong>Sti\u017eem u kafe Izlog u centru Vr\u0161ca<\/strong>, da na miru na\u0111em sme\u0161taj, ispostavilo se da je uskoro zatvaranje, pa \u2019s nogu\u2019 pijem \u010daj i tra\u017eim sme\u0161taj. Vila Breg je popunjena, a nisam ponela ni kupa\u0107i kostim, tako da <strong>bukiram najpovoljniji apartman<\/strong> jer svakako ranom zorom kre\u0107em ponovo u akciju.<\/p>\n<p><img loading=\"lazy\" decoding=\"async\" class=\"alignnone wp-image-122582\" src=\"https:\/\/d3gl5uvjs9q0p7.cloudfront.net\/uploads\/2021\/12\/263177649_434503024955543_4653092153707668621_n.jpg\" alt=\"\" width=\"800\" height=\"800\" srcset=\"https:\/\/travel-advisor.eu\/wp-content\/uploads\/2021\/12\/263177649_434503024955543_4653092153707668621_n.jpg 2048w, https:\/\/travel-advisor.eu\/wp-content\/uploads\/2021\/12\/263177649_434503024955543_4653092153707668621_n-768x768.jpg 768w, https:\/\/travel-advisor.eu\/wp-content\/uploads\/2021\/12\/263177649_434503024955543_4653092153707668621_n-1536x1536.jpg 1536w, https:\/\/travel-advisor.eu\/wp-content\/uploads\/2021\/12\/263177649_434503024955543_4653092153707668621_n-696x696.jpg 696w, https:\/\/travel-advisor.eu\/wp-content\/uploads\/2021\/12\/263177649_434503024955543_4653092153707668621_n-1068x1068.jpg 1068w, https:\/\/travel-advisor.eu\/wp-content\/uploads\/2021\/12\/263177649_434503024955543_4653092153707668621_n-420x420.jpg 420w\" sizes=\"(max-width: 800px) 100vw, 800px\" \/><\/p>\n<p>&nbsp;<\/p>\n<p style=\"text-align: justify;\">Ujutru mraz -4, proveravam koja po\u0161ta radi subotom, sti\u017eem oko 7:15, a unutra sedi 6,7 \u017eena za \u0161alterima, sve me nekako za\u010du\u0111eno gledaju, ispostavilo se da je zato \u0161to je radno vreme zapravo od 8h, iako na sajtu pi\u0161e od 7h?!&#8230; Jo\u0161 jedna u nizu dezinformacija.<\/p>\n<p style=\"text-align: justify;\">Objasnim svoj slu\u010daj, da jo\u0161 od sino\u0107 poku\u0161avam da stignem gde sam krenula, sa\u017eali se jedna od gospo\u0111a na mene i re\u0161i da mi pomogne i pre po\u010detka radnog vremena. Skenira mi paso\u0161, po\u0161alje na mejl i od\u0161tampa potvrde o svakoj pojedina\u010dnoj izvr\u0161enoj vakcinaciji. <strong>Razlika u odnosu na Zeleni sertifikat koji izdaje e-uprava je u tome \u0161to na EU sertifikatu pi\u0161e i broj paso\u0161a<\/strong>, ova usluga se ne napla\u0107uje.<\/p>\n<p><img loading=\"lazy\" decoding=\"async\" class=\"alignnone wp-image-122590\" src=\"https:\/\/d3gl5uvjs9q0p7.cloudfront.net\/uploads\/2021\/12\/263577185_307724581225487_3348469339771893168_n.jpg\" alt=\"\" width=\"800\" height=\"800\" srcset=\"https:\/\/travel-advisor.eu\/wp-content\/uploads\/2021\/12\/263577185_307724581225487_3348469339771893168_n.jpg 2048w, https:\/\/travel-advisor.eu\/wp-content\/uploads\/2021\/12\/263577185_307724581225487_3348469339771893168_n-768x768.jpg 768w, https:\/\/travel-advisor.eu\/wp-content\/uploads\/2021\/12\/263577185_307724581225487_3348469339771893168_n-1536x1536.jpg 1536w, https:\/\/travel-advisor.eu\/wp-content\/uploads\/2021\/12\/263577185_307724581225487_3348469339771893168_n-696x696.jpg 696w, https:\/\/travel-advisor.eu\/wp-content\/uploads\/2021\/12\/263577185_307724581225487_3348469339771893168_n-1068x1068.jpg 1068w, https:\/\/travel-advisor.eu\/wp-content\/uploads\/2021\/12\/263577185_307724581225487_3348469339771893168_n-420x420.jpg 420w\" sizes=\"(max-width: 800px) 100vw, 800px\" \/><\/p>\n<p style=\"text-align: justify;\">Puna samopouzdanja kre\u0107em u nastavak svog putovanja, i novu rundu pregovora sa rumunskim policajcima. Sti\u017eem na rumunski prelaz, ovaj put odlazim prvo da kupim <strong>Rovinjetu, <\/strong>iako je obi\u010dno kupujem na nekoj od usputnih pumpi na rumunskoj strani. Mo\u017ee se kupiti na granici ili na benzinskim pumpama usput &#8211; nije neophodna za sam ulaz u zemlju, ali jeste obavezna, a <strong>dr\u017eava Rumunija napla\u0107uje ovu taksu umesto putarina<\/strong>, jer nema naplatnih rampi kao kod nas. Za auto je najmanje <strong>trajanje 7 dana i iznosi 3e<\/strong>, nije nalepnica kao u drugim zemljama ve\u0107 je kao fiskalni ra\u010dun na kom pi\u0161u podaci o vozilu.<\/p>\n<p style=\"text-align: justify;\">Sti\u017eem ponovo do ku\u0107ice, novi policajac, mla\u0111i, deluje mi pitomije i modernije. Dajem mu paso\u0161, saobra\u0107ajnu, rovinjetu i sve tri EU potvrde o vakcini. Gde ide? U Temi\u0161var. Za\u0161to ide? Kod familije. Uzima skener, lupa pe\u010dat i otvara rampu \u2013 Dobrodo\u0161la u Rumuniju i sre\u0107an put.<\/p>\n<p style=\"text-align: justify;\"><strong>Nakon 45min vo\u017enje, 14h putovanja i dve godine odlaganja sti\u017eem u Temi\u0161var<\/strong>, kod familije na mini reunion.<\/p>\n<p><img loading=\"lazy\" decoding=\"async\" class=\"alignnone wp-image-122486\" src=\"https:\/\/d3gl5uvjs9q0p7.cloudfront.net\/uploads\/2021\/12\/263916346_154089526934361_3143975395690014556_n.jpg\" alt=\"\" width=\"800\" height=\"800\" srcset=\"https:\/\/travel-advisor.eu\/wp-content\/uploads\/2021\/12\/263916346_154089526934361_3143975395690014556_n.jpg 1170w, https:\/\/travel-advisor.eu\/wp-content\/uploads\/2021\/12\/263916346_154089526934361_3143975395690014556_n-768x768.jpg 768w, https:\/\/travel-advisor.eu\/wp-content\/uploads\/2021\/12\/263916346_154089526934361_3143975395690014556_n-696x696.jpg 696w, https:\/\/travel-advisor.eu\/wp-content\/uploads\/2021\/12\/263916346_154089526934361_3143975395690014556_n-1068x1068.jpg 1068w, https:\/\/travel-advisor.eu\/wp-content\/uploads\/2021\/12\/263916346_154089526934361_3143975395690014556_n-420x420.jpg 420w\" sizes=\"(max-width: 800px) 100vw, 800px\" \/><\/p>\n<p style=\"text-align: justify;\">Odmah posle pravog banatskog fru\u0161tuka i prepri\u010davanja dogodov\u0161tina, odlu\u010dujemo da krenemo u centar jer je lep i sun\u010dan dan, pa da ne gubimo vreme.<\/p>\n<h3 style=\"text-align: justify;\"><strong>Brodom do Temi\u0161vara<\/strong><\/h3>\n<p style=\"text-align: justify;\">Osim Tami\u0161a <strong>i reka Begej proti\u010de kroz Temi\u0161var<\/strong>, <strong>a nekada je,<\/strong> zapravo od 1732. godine pa do pre 60ak godina, upravo <strong>kanal reke Begej svojim plovnim putem ovaj grad povezivao sa Zrenjaninom<\/strong>, ulivanjem Begeja u Tisu, pa Tise u Dunav <strong>i sa Beogradom<\/strong> &#8211; verovali li ne.<\/p>\n<p style=\"text-align: justify;\">Poslednjih godina se radi na tome da se ovaj plovni put ponovo uspostavi, jer svakako ima ogroman potencijal kako za turizam i putovanja tako i za re\u010dni transport. Obi\u0161li smo re\u010dnu prevodnicu na Begeju i ubrzo stigli u centar.<\/p>\n<p><img loading=\"lazy\" decoding=\"async\" class=\"alignnone wp-image-122596 size-full\" src=\"https:\/\/d3gl5uvjs9q0p7.cloudfront.net\/uploads\/2021\/12\/261408362_317263586930601_6607145684382700326_n.jpg\" alt=\"\" width=\"650\" height=\"435\" srcset=\"https:\/\/travel-advisor.eu\/wp-content\/uploads\/2021\/12\/261408362_317263586930601_6607145684382700326_n.jpg 650w, https:\/\/travel-advisor.eu\/wp-content\/uploads\/2021\/12\/261408362_317263586930601_6607145684382700326_n-628x420.jpg 628w\" sizes=\"(max-width: 650px) 100vw, 650px\" \/><\/p>\n<p style=\"text-align: justify;\">S obzirom da je po\u010detak decembra ba\u0161 <strong>ovog vikenda je otvoren Bo\u017ei\u0107ni market<\/strong>, a ceo grad je dekorisan u novogodi\u0161njem maniru. Kre\u0107emo u \u0161etnju od \u010duvene katedrale, Rumunske pravoslavne crkve <strong>Catedrala Mitropolitana din Timisoara<\/strong>, koja je sedi\u0161te arhiepiskopa i mitropolije Banat. Ova prelepa crkva pravi je simbol Temi\u0161vara, izgra\u0111ena je neposredno pre II svetskog rata i predstavlja me\u0161avinu vizantijskog i rumunskog stila gradnje.<\/p>\n<h3 style=\"text-align: justify;\"><strong>Razbijanje predrasuda<\/strong><\/h3>\n<p style=\"text-align: justify;\">Temi\u0161var je pravi evropski grad sa dugom istorijom, ovde su svojevremeno \u017eiveli i Rimljani i Turci, a svoj preporod do\u017eivljava u 18. veku padom turske i dolaskom austrougarske vlasti, a potom i po\u010detkom 21og veka ulaskom Rumunije u EU.<\/p>\n<p style=\"text-align: justify;\"><strong>Veliki izbor kafi\u0107a i restorana<\/strong> nacionalne i internacionalne kuhinje \u010dini ovaj grad pravom \u2019must visit\u2019 destinacijom <strong>za sve ljubitelje gastro u\u017eivanja<\/strong>. Cene nisu mnogo ve\u0107e nego u Srbiji, a lokali su svojim ambijentom i izborom hrane i pi\u0107a u rangu svetskih. Ovde je u ugostiteljskim objektima ve\u0107 15 godina zabranjeno pu\u0161enje, tako da se svakako ne\u0107ete usmrdeti na duvanski dim tokom zimskog perioda.<\/p>\n<p><img loading=\"lazy\" decoding=\"async\" class=\"alignnone wp-image-122530\" src=\"https:\/\/d3gl5uvjs9q0p7.cloudfront.net\/uploads\/2021\/12\/264798819_1214547685705985_5919859256061763344_n.jpg\" alt=\"\" width=\"800\" height=\"800\" srcset=\"https:\/\/travel-advisor.eu\/wp-content\/uploads\/2021\/12\/264798819_1214547685705985_5919859256061763344_n.jpg 2048w, https:\/\/travel-advisor.eu\/wp-content\/uploads\/2021\/12\/264798819_1214547685705985_5919859256061763344_n-768x768.jpg 768w, https:\/\/travel-advisor.eu\/wp-content\/uploads\/2021\/12\/264798819_1214547685705985_5919859256061763344_n-1536x1536.jpg 1536w, https:\/\/travel-advisor.eu\/wp-content\/uploads\/2021\/12\/264798819_1214547685705985_5919859256061763344_n-696x696.jpg 696w, https:\/\/travel-advisor.eu\/wp-content\/uploads\/2021\/12\/264798819_1214547685705985_5919859256061763344_n-1068x1068.jpg 1068w, https:\/\/travel-advisor.eu\/wp-content\/uploads\/2021\/12\/264798819_1214547685705985_5919859256061763344_n-420x420.jpg 420w\" sizes=\"(max-width: 800px) 100vw, 800px\" \/><\/p>\n<p style=\"text-align: justify;\">U strogom centru grada nalazi se i veliki broj hotela tako da predla\u017eemo da prespavate u nekom od njih kako bi vam sve bilo u blizini.<\/p>\n<p style=\"text-align: justify;\"><strong>Opera Nationala Romana din Timisoara<\/strong> je pravi kulturni centar u kom se osim opera odr\u017eavaju baletske i pozori\u0161ne predstave koje sam vi\u0161e puta imala priliku da gledam, jer su moje bratanice balerine, a i sama sam do svoje 15. godine bila balerina.<\/p>\n<h3 style=\"text-align: justify;\"><strong>Evropska ba\u0161tina<\/strong><\/h3>\n<p style=\"text-align: justify;\"><strong>\u010citav centar grada pretvoren je u pe\u0161a\u010dku zonu<\/strong> sa nekoliko velikih trgova koji \u010dine gra\u0111evine iz 18. i 19. veka. Ve\u0107ina su rekonstruisane, a svaka je bogata istorijom i zaista je pravo u\u017eivanje pro\u0161etati ovuda. Veliki broj muzeja, crkava, spomenika uz nezaobilazne restorane i kafi\u0107e ovi trgovi su mesta za organizovanje raznih gradskih manifestacija i koncerata. Iz centra odlazimo na periferiju u<strong> \u2019muzej sela\u2019 Muzeul Satului Banatean Timisoara<\/strong> gde je na ogromnom imanju sa \u0161umom napravljen muzej banatskih sela, gde mo\u017eemo videti <strong>autenti\u010dne ku\u0107e ili replike ku\u0107a i doma\u0107instava svih narodnosti i manjina<\/strong> koji \u017eive na ovom podru\u010dju.<\/p>\n<p><img loading=\"lazy\" decoding=\"async\" class=\"alignnone wp-image-122534\" src=\"https:\/\/d3gl5uvjs9q0p7.cloudfront.net\/uploads\/2021\/12\/263785593_455731362654685_6545381956301212533_n.jpg\" alt=\"\" width=\"800\" height=\"800\" srcset=\"https:\/\/travel-advisor.eu\/wp-content\/uploads\/2021\/12\/263785593_455731362654685_6545381956301212533_n.jpg 1170w, https:\/\/travel-advisor.eu\/wp-content\/uploads\/2021\/12\/263785593_455731362654685_6545381956301212533_n-768x768.jpg 768w, https:\/\/travel-advisor.eu\/wp-content\/uploads\/2021\/12\/263785593_455731362654685_6545381956301212533_n-696x696.jpg 696w, https:\/\/travel-advisor.eu\/wp-content\/uploads\/2021\/12\/263785593_455731362654685_6545381956301212533_n-1068x1068.jpg 1068w, https:\/\/travel-advisor.eu\/wp-content\/uploads\/2021\/12\/263785593_455731362654685_6545381956301212533_n-420x420.jpg 420w\" sizes=\"(max-width: 800px) 100vw, 800px\" \/><\/p>\n<p style=\"text-align: justify;\">Unutar kompleksa nalazi se i luna park za decu (roditelje i tetke), a po potrebi se i ovde odr\u017eavaju koncerti i druge kulturne manifestacije. Ovde je tako\u0111e sve oki\u0107eno u prazni\u010dnom maniru, a brojni \u0161tandovi sa hranom, pi\u0107em, slatki\u0161ima dodatno doprinose prazni\u010dnom ose\u0107aju i raspolo\u017eenju.<\/p>\n<h3 style=\"text-align: justify;\"><strong>U korak sa trendovima<\/strong><\/h3>\n<p style=\"text-align: justify;\">Nakon \u0161to smo se dobro smrzli i na\u0161etali odlazimo na ru\u010dak u <strong>italijanski restoran L\u2019Osterietta<\/strong>, \u010diji je vlasnik Italijan koji \u017eivi ovde i jednom nedeljno donosi sve\u017eu ribu iz Italije. Specijaliteti italijanske kuhinje &#8211; pice, paste, losos ili ri\u017eoto sa morskim plodovima kao i veliki izbor specijaliteta od mesa zaista su pravi gurmanski do\u017eivljaj u\u010dini\u0107e da progovorite italijanski, a <strong>lava cake dezert je ne\u0161to \u0161to ne smete da propustite<\/strong>.<\/p>\n<h3 style=\"text-align: justify;\"><strong>Shopping spree<\/strong><\/h3>\n<p style=\"text-align: justify;\">Naredni dan je red da se malo ide u shopping. Poslednjih godina su <strong>posebno popularni shopping izleti i jednodnevne ture do Iulius Mall-a i Shopping City-ja<\/strong>. Veliki izbor svetskih i lokalnih brendova, povoljnih cena i odli\u010dnih popusta prosto mame sve kupoholi\u010dare.<\/p>\n<p><img loading=\"lazy\" decoding=\"async\" class=\"alignnone wp-image-122600\" src=\"https:\/\/d3gl5uvjs9q0p7.cloudfront.net\/uploads\/2021\/12\/263433306_862454361108364_1447925516518134677_n.jpg\" alt=\"\" width=\"800\" height=\"800\" srcset=\"https:\/\/travel-advisor.eu\/wp-content\/uploads\/2021\/12\/263433306_862454361108364_1447925516518134677_n.jpg 2048w, https:\/\/travel-advisor.eu\/wp-content\/uploads\/2021\/12\/263433306_862454361108364_1447925516518134677_n-768x768.jpg 768w, https:\/\/travel-advisor.eu\/wp-content\/uploads\/2021\/12\/263433306_862454361108364_1447925516518134677_n-1536x1536.jpg 1536w, https:\/\/travel-advisor.eu\/wp-content\/uploads\/2021\/12\/263433306_862454361108364_1447925516518134677_n-696x696.jpg 696w, https:\/\/travel-advisor.eu\/wp-content\/uploads\/2021\/12\/263433306_862454361108364_1447925516518134677_n-1068x1068.jpg 1068w, https:\/\/travel-advisor.eu\/wp-content\/uploads\/2021\/12\/263433306_862454361108364_1447925516518134677_n-420x420.jpg 420w\" sizes=\"(max-width: 800px) 100vw, 800px\" \/><\/p>\n<p style=\"text-align: justify;\">Primera radi, pre oko 10 godina sam u jednoj radnji italijanskog brenda obu\u0107e \u010dija proizvodnja je sme\u0161tena u Temi\u0161varu kupila dva para ko\u017enih \u010dizama koje su i dalje kao nove, urkos \u0161to ih svake sezone nosim, a toliko su dobre da mi jo\u0161 nisu dosadile.<br \/>\nOsim ovih popularnih shopping objekata, postoje i brojni butici lokalnih kreatora i dizajnera, gde mo\u017eete kupiti unikatne modele za sve prilike. Grej\u2019Art je jedan od mojih omiljenih.<\/p>\n<p><img loading=\"lazy\" decoding=\"async\" class=\"alignnone wp-image-122551\" src=\"https:\/\/d3gl5uvjs9q0p7.cloudfront.net\/uploads\/2021\/12\/262555681_3044112562573896_8759604805489028851_n.jpg\" alt=\"\" width=\"800\" height=\"800\" srcset=\"https:\/\/travel-advisor.eu\/wp-content\/uploads\/2021\/12\/262555681_3044112562573896_8759604805489028851_n.jpg 1170w, https:\/\/travel-advisor.eu\/wp-content\/uploads\/2021\/12\/262555681_3044112562573896_8759604805489028851_n-768x768.jpg 768w, https:\/\/travel-advisor.eu\/wp-content\/uploads\/2021\/12\/262555681_3044112562573896_8759604805489028851_n-696x696.jpg 696w, https:\/\/travel-advisor.eu\/wp-content\/uploads\/2021\/12\/262555681_3044112562573896_8759604805489028851_n-1068x1068.jpg 1068w, https:\/\/travel-advisor.eu\/wp-content\/uploads\/2021\/12\/262555681_3044112562573896_8759604805489028851_n-420x420.jpg 420w\" sizes=\"(max-width: 800px) 100vw, 800px\" \/><\/p>\n<p style=\"text-align: justify;\">Ne\u0161to pre 17h kre\u0107em polako nazad ka Beogradu, iako je nedelja uve\u010de, na grani\u010dnom prelazu nema gu\u017eve. Laganom vo\u017enjom ve\u0107 oko 19:30 sti\u017eem puna utisaka ku\u0107i. Iako je bilo malo vremena, bila je prava avantura i veoma zabavno, a ve\u0107 posle novogodi\u0161njih praznika ponovo planiram ovaj put.<\/p>\n<p style=\"text-align: justify;\">Uskoro sledi detaljan pregled ponude hotela i restorana Temi\u0161vara, kao i ostalih zanimljivosti ovog evropskog grada.<\/p>\n<p style=\"text-align: justify;\">Jedva \u010dekam da nastavim svoja istra\u017eivanja destinacija u Rumuniji, <strong>u planu su obilasci dvoraca Transilvanije, odlazak na Crno more i Bukure\u0161t<\/strong>.<\/p>\n<p style=\"text-align: justify;\">Ako nameravate skorije na ovu stranu, ne zaboravite &#8211; prvo idite u po\u0161tu po EU potvrdu o vakcinaciji, pa onda u avanturu.<\/p>\n<p style=\"text-align: justify;\"><a href=\"https:\/\/travel-advisor.eu\/\">Travel Advisor<\/a><\/p>\n<p style=\"text-align: justify;\">Posetite na\u0161<a href=\"https:\/\/www.youtube.com\/channel\/UCha4eD6x7Ax_FTtiw7D_prg\" target=\"_blank\" rel=\"noopener noreferrer\">\u00a0YouTube<\/a>\u00a0kanal. Pretplati se na\u00a0<a href=\"https:\/\/www.tiktok.com\/@vladosestan?lang=en\">TIK TOK.<\/a><\/p>\n<p style=\"text-align: justify;\">Uklju\u010dite se u na\u0161e grupe na Fejsu:\u00a0<a href=\"https:\/\/www.facebook.com\/groups\/vodicposkijalistima\" target=\"_blank\" rel=\"noopener noreferrer\">Vodi\u010d po najljep\u0161im skijali\u0161tima<\/a>,\u00a0<a href=\"https:\/\/www.facebook.com\/groups\/savjetnikzaputovanja.traveladvisor\/\" target=\"_blank\" rel=\"noopener noreferrer\">\u00a0Savjetnik za putovanja Travel Advisor<\/a>,\u00a0<a href=\"https:\/\/www.facebook.com\/groups\/savjetnikzaputovanjaEuropa\/\" target=\"_blank\" rel=\"noopener noreferrer\">Savjetnik za putovanja Europom<\/a>\u00a0i\u00a0<a href=\"https:\/\/www.facebook.com\/groups\/savjetnikzaputovanjaHrvatska\/\" target=\"_blank\" rel=\"noopener noreferrer\">Savjetnik za putovanja Hrvatska.<\/a><\/p>\n","protected":false},"excerpt":{"rendered":"<p>Da li ste nekada bili u Rumuniji, zemlji sa preko 250 dvoraca, me\u0111u kojima je i \u010duveni dvorac i zavi\u010daj grofa Drakule, zemlji jednog od retkih autenti\u010dnih srednjovekovnih gradova, Crnog mora i Karpata? Ako niste, predla\u017eemo da po\u010dnete od vikend putovanja i obilaska najbli\u017eeg evropskog grada. Na udaljenosti kao do \u010ca\u010dka, samo 150km od Beograda [&hellip;]<\/p>\n","protected":false},"author":209,"featured_media":122547,"comment_status":"closed","ping_status":"open","sticky":false,"template":"","format":"standard","meta":{"footnotes":""},"categories":[832],"tags":[1082],"yoast_head":"<!-- This site is optimized with the Yoast SEO plugin v22.9 - https:\/\/yoast.com\/wordpress\/plugins\/seo\/ -->\n<title>Rumunija \u2013 inostranstvo na 2 sata vo\u017enje - Travel Advisor<\/title>\n<meta name=\"description\" content=\"Saznajte \u0161to Rumunija i prelepi grad Temi\u0161var imaju za ponuditi. Otkrijte najlep\u0161e atrakcije i stavite ovu zemlju na svoj popis putovanja!\" \/>\n<meta name=\"robots\" content=\"index, follow, max-snippet:-1, max-image-preview:large, max-video-preview:-1\" \/>\n<link rel=\"canonical\" href=\"https:\/\/travel-advisor.eu\/sr\/rumunija-inostranstvo-na-2-sata-voznje\/\" \/>\n<meta property=\"og:locale\" content=\"sr_RS\" \/>\n<meta property=\"og:type\" content=\"article\" \/>\n<meta property=\"og:title\" content=\"Rumunija \u2013 inostranstvo na 2 sata vo\u017enje - Travel Advisor\" \/>\n<meta property=\"og:description\" content=\"Saznajte \u0161to Rumunija i prelepi grad Temi\u0161var imaju za ponuditi. Otkrijte najlep\u0161e atrakcije i stavite ovu zemlju na svoj popis putovanja!\" \/>\n<meta property=\"og:url\" content=\"https:\/\/travel-advisor.eu\/sr\/rumunija-inostranstvo-na-2-sata-voznje\/\" \/>\n<meta property=\"og:site_name\" content=\"Travel Advisor\" \/>\n<meta property=\"article:publisher\" content=\"https:\/\/www.facebook.com\/Savjetnik-za-putovanja-1268106453311008\/\" \/>\n<meta property=\"article:published_time\" content=\"2021-12-13T05:00:43+00:00\" \/>\n<meta property=\"article:modified_time\" content=\"2021-12-13T12:26:49+00:00\" \/>\n<meta property=\"og:image\" content=\"https:\/\/travel-advisor.eu\/uploads\/2021\/12\/262512435_1504007799972976_3394607292034924376_n-e1639334103805.jpg\" \/>\n\t<meta property=\"og:image:width\" content=\"800\" \/>\n\t<meta property=\"og:image:height\" content=\"488\" \/>\n\t<meta property=\"og:image:type\" content=\"image\/jpeg\" \/>\n<meta name=\"author\" content=\"Tamara Mateji\u0107\" \/>\n<meta name=\"twitter:card\" content=\"summary_large_image\" \/>\n<meta name=\"twitter:label1\" content=\"\u041d\u0430\u043f\u0438\u0441\u0430\u043d\u043e \u043e\u0434\" \/>\n\t<meta name=\"twitter:data1\" content=\"Tamara Mateji\u0107\" \/>\n\t<meta name=\"twitter:label2\" content=\"\u041f\u0440\u043e\u0446\u0435\u045a\u0435\u043d\u043e \u0432\u0440\u0435\u043c\u0435 \u0447\u0438\u0442\u0430\u045a\u0430\" \/>\n\t<meta name=\"twitter:data2\" content=\"10 \u043c\u0438\u043d\u0443\u0442\u0430\" \/>\n<script type=\"application\/ld+json\" class=\"yoast-schema-graph\">{\"@context\":\"https:\/\/schema.org\",\"@graph\":[{\"@type\":\"WebPage\",\"@id\":\"https:\/\/travel-advisor.eu\/sr\/rumunija-inostranstvo-na-2-sata-voznje\/\",\"url\":\"https:\/\/travel-advisor.eu\/sr\/rumunija-inostranstvo-na-2-sata-voznje\/\",\"name\":\"Rumunija \u2013 inostranstvo na 2 sata vo\u017enje - Travel Advisor\",\"isPartOf\":{\"@id\":\"https:\/\/travel-advisor.eu\/#website\"},\"primaryImageOfPage\":{\"@id\":\"https:\/\/travel-advisor.eu\/sr\/rumunija-inostranstvo-na-2-sata-voznje\/#primaryimage\"},\"image\":{\"@id\":\"https:\/\/travel-advisor.eu\/sr\/rumunija-inostranstvo-na-2-sata-voznje\/#primaryimage\"},\"thumbnailUrl\":\"https:\/\/travel-advisor.eu\/wp-content\/uploads\/2021\/12\/262512435_1504007799972976_3394607292034924376_n-e1639334103805.jpg\",\"datePublished\":\"2021-12-13T05:00:43+00:00\",\"dateModified\":\"2021-12-13T12:26:49+00:00\",\"author\":{\"@id\":\"https:\/\/travel-advisor.eu\/#\/schema\/person\/17276de28febdaa731a1ba3fc59ca9d3\"},\"description\":\"Saznajte \u0161to Rumunija i prelepi grad Temi\u0161var imaju za ponuditi. Otkrijte najlep\u0161e atrakcije i stavite ovu zemlju na svoj popis putovanja!\",\"breadcrumb\":{\"@id\":\"https:\/\/travel-advisor.eu\/sr\/rumunija-inostranstvo-na-2-sata-voznje\/#breadcrumb\"},\"inLanguage\":\"sr-RS\",\"potentialAction\":[{\"@type\":\"ReadAction\",\"target\":[\"https:\/\/travel-advisor.eu\/sr\/rumunija-inostranstvo-na-2-sata-voznje\/\"]}]},{\"@type\":\"ImageObject\",\"inLanguage\":\"sr-RS\",\"@id\":\"https:\/\/travel-advisor.eu\/sr\/rumunija-inostranstvo-na-2-sata-voznje\/#primaryimage\",\"url\":\"https:\/\/travel-advisor.eu\/wp-content\/uploads\/2021\/12\/262512435_1504007799972976_3394607292034924376_n-e1639334103805.jpg\",\"contentUrl\":\"https:\/\/travel-advisor.eu\/wp-content\/uploads\/2021\/12\/262512435_1504007799972976_3394607292034924376_n-e1639334103805.jpg\",\"width\":800,\"height\":488},{\"@type\":\"BreadcrumbList\",\"@id\":\"https:\/\/travel-advisor.eu\/sr\/rumunija-inostranstvo-na-2-sata-voznje\/#breadcrumb\",\"itemListElement\":[{\"@type\":\"ListItem\",\"position\":1,\"name\":\"Po\u010detna stranica\",\"item\":\"https:\/\/travel-advisor.eu\/\"},{\"@type\":\"ListItem\",\"position\":2,\"name\":\"Rumunija \u2013 inostranstvo na 2 sata vo\u017enje\"}]},{\"@type\":\"WebSite\",\"@id\":\"https:\/\/travel-advisor.eu\/#website\",\"url\":\"https:\/\/travel-advisor.eu\/\",\"name\":\"Travel Advisor\",\"description\":\"Tisu\u0107e \u010dlanaka o zemljama, gradovima i atrakcijama\",\"potentialAction\":[{\"@type\":\"SearchAction\",\"target\":{\"@type\":\"EntryPoint\",\"urlTemplate\":\"https:\/\/travel-advisor.eu\/?s={search_term_string}\"},\"query-input\":\"required name=search_term_string\"}],\"inLanguage\":\"sr-RS\"},{\"@type\":\"Person\",\"@id\":\"https:\/\/travel-advisor.eu\/#\/schema\/person\/17276de28febdaa731a1ba3fc59ca9d3\",\"name\":\"Tamara Mateji\u0107\",\"image\":{\"@type\":\"ImageObject\",\"inLanguage\":\"sr-RS\",\"@id\":\"https:\/\/travel-advisor.eu\/#\/schema\/person\/image\/\",\"url\":\"https:\/\/secure.gravatar.com\/avatar\/8af67982a0069a43c73391aef89dc38e?s=96&d=mm&r=g\",\"contentUrl\":\"https:\/\/secure.gravatar.com\/avatar\/8af67982a0069a43c73391aef89dc38e?s=96&d=mm&r=g\",\"caption\":\"Tamara Mateji\u0107\"},\"url\":\"https:\/\/travel-advisor.eu\/sr\/author\/tamara-matejic\/\"}]}<\/script>\n<!-- \/ Yoast SEO plugin. -->","yoast_head_json":{"title":"Rumunija \u2013 inostranstvo na 2 sata vo\u017enje - Travel Advisor","description":"Saznajte \u0161to Rumunija i prelepi grad Temi\u0161var imaju za ponuditi. Otkrijte najlep\u0161e atrakcije i stavite ovu zemlju na svoj popis putovanja!","robots":{"index":"index","follow":"follow","max-snippet":"max-snippet:-1","max-image-preview":"max-image-preview:large","max-video-preview":"max-video-preview:-1"},"canonical":"https:\/\/travel-advisor.eu\/sr\/rumunija-inostranstvo-na-2-sata-voznje\/","og_locale":"sr_RS","og_type":"article","og_title":"Rumunija \u2013 inostranstvo na 2 sata vo\u017enje - Travel Advisor","og_description":"Saznajte \u0161to Rumunija i prelepi grad Temi\u0161var imaju za ponuditi. Otkrijte najlep\u0161e atrakcije i stavite ovu zemlju na svoj popis putovanja!","og_url":"https:\/\/travel-advisor.eu\/sr\/rumunija-inostranstvo-na-2-sata-voznje\/","og_site_name":"Travel Advisor","article_publisher":"https:\/\/www.facebook.com\/Savjetnik-za-putovanja-1268106453311008\/","article_published_time":"2021-12-13T05:00:43+00:00","article_modified_time":"2021-12-13T12:26:49+00:00","og_image":[{"width":800,"height":488,"url":"https:\/\/travel-advisor.eu\/uploads\/2021\/12\/262512435_1504007799972976_3394607292034924376_n-e1639334103805.jpg","type":"image\/jpeg"}],"author":"Tamara Mateji\u0107","twitter_card":"summary_large_image","twitter_misc":{"\u041d\u0430\u043f\u0438\u0441\u0430\u043d\u043e \u043e\u0434":"Tamara Mateji\u0107","\u041f\u0440\u043e\u0446\u0435\u045a\u0435\u043d\u043e \u0432\u0440\u0435\u043c\u0435 \u0447\u0438\u0442\u0430\u045a\u0430":"10 \u043c\u0438\u043d\u0443\u0442\u0430"},"schema":{"@context":"https:\/\/schema.org","@graph":[{"@type":"WebPage","@id":"https:\/\/travel-advisor.eu\/sr\/rumunija-inostranstvo-na-2-sata-voznje\/","url":"https:\/\/travel-advisor.eu\/sr\/rumunija-inostranstvo-na-2-sata-voznje\/","name":"Rumunija \u2013 inostranstvo na 2 sata vo\u017enje - Travel Advisor","isPartOf":{"@id":"https:\/\/travel-advisor.eu\/#website"},"primaryImageOfPage":{"@id":"https:\/\/travel-advisor.eu\/sr\/rumunija-inostranstvo-na-2-sata-voznje\/#primaryimage"},"image":{"@id":"https:\/\/travel-advisor.eu\/sr\/rumunija-inostranstvo-na-2-sata-voznje\/#primaryimage"},"thumbnailUrl":"https:\/\/travel-advisor.eu\/wp-content\/uploads\/2021\/12\/262512435_1504007799972976_3394607292034924376_n-e1639334103805.jpg","datePublished":"2021-12-13T05:00:43+00:00","dateModified":"2021-12-13T12:26:49+00:00","author":{"@id":"https:\/\/travel-advisor.eu\/#\/schema\/person\/17276de28febdaa731a1ba3fc59ca9d3"},"description":"Saznajte \u0161to Rumunija i prelepi grad Temi\u0161var imaju za ponuditi. Otkrijte najlep\u0161e atrakcije i stavite ovu zemlju na svoj popis putovanja!","breadcrumb":{"@id":"https:\/\/travel-advisor.eu\/sr\/rumunija-inostranstvo-na-2-sata-voznje\/#breadcrumb"},"inLanguage":"sr-RS","potentialAction":[{"@type":"ReadAction","target":["https:\/\/travel-advisor.eu\/sr\/rumunija-inostranstvo-na-2-sata-voznje\/"]}]},{"@type":"ImageObject","inLanguage":"sr-RS","@id":"https:\/\/travel-advisor.eu\/sr\/rumunija-inostranstvo-na-2-sata-voznje\/#primaryimage","url":"https:\/\/travel-advisor.eu\/wp-content\/uploads\/2021\/12\/262512435_1504007799972976_3394607292034924376_n-e1639334103805.jpg","contentUrl":"https:\/\/travel-advisor.eu\/wp-content\/uploads\/2021\/12\/262512435_1504007799972976_3394607292034924376_n-e1639334103805.jpg","width":800,"height":488},{"@type":"BreadcrumbList","@id":"https:\/\/travel-advisor.eu\/sr\/rumunija-inostranstvo-na-2-sata-voznje\/#breadcrumb","itemListElement":[{"@type":"ListItem","position":1,"name":"Po\u010detna stranica","item":"https:\/\/travel-advisor.eu\/"},{"@type":"ListItem","position":2,"name":"Rumunija \u2013 inostranstvo na 2 sata vo\u017enje"}]},{"@type":"WebSite","@id":"https:\/\/travel-advisor.eu\/#website","url":"https:\/\/travel-advisor.eu\/","name":"Travel Advisor","description":"Tisu\u0107e \u010dlanaka o zemljama, gradovima i atrakcijama","potentialAction":[{"@type":"SearchAction","target":{"@type":"EntryPoint","urlTemplate":"https:\/\/travel-advisor.eu\/?s={search_term_string}"},"query-input":"required name=search_term_string"}],"inLanguage":"sr-RS"},{"@type":"Person","@id":"https:\/\/travel-advisor.eu\/#\/schema\/person\/17276de28febdaa731a1ba3fc59ca9d3","name":"Tamara Mateji\u0107","image":{"@type":"ImageObject","inLanguage":"sr-RS","@id":"https:\/\/travel-advisor.eu\/#\/schema\/person\/image\/","url":"https:\/\/secure.gravatar.com\/avatar\/8af67982a0069a43c73391aef89dc38e?s=96&d=mm&r=g","contentUrl":"https:\/\/secure.gravatar.com\/avatar\/8af67982a0069a43c73391aef89dc38e?s=96&d=mm&r=g","caption":"Tamara Mateji\u0107"},"url":"https:\/\/travel-advisor.eu\/sr\/author\/tamara-matejic\/"}]}},"_links":{"self":[{"href":"https:\/\/travel-advisor.eu\/sr\/wp-json\/wp\/v2\/posts\/122755"}],"collection":[{"href":"https:\/\/travel-advisor.eu\/sr\/wp-json\/wp\/v2\/posts"}],"about":[{"href":"https:\/\/travel-advisor.eu\/sr\/wp-json\/wp\/v2\/types\/post"}],"author":[{"embeddable":true,"href":"https:\/\/travel-advisor.eu\/sr\/wp-json\/wp\/v2\/users\/209"}],"replies":[{"embeddable":true,"href":"https:\/\/travel-advisor.eu\/sr\/wp-json\/wp\/v2\/comments?post=122755"}],"version-history":[{"count":0,"href":"https:\/\/travel-advisor.eu\/sr\/wp-json\/wp\/v2\/posts\/122755\/revisions"}],"wp:featuredmedia":[{"embeddable":true,"href":"https:\/\/travel-advisor.eu\/sr\/wp-json\/wp\/v2\/media\/122547"}],"wp:attachment":[{"href":"https:\/\/travel-advisor.eu\/sr\/wp-json\/wp\/v2\/media?parent=122755"}],"wp:term":[{"taxonomy":"category","embeddable":true,"href":"https:\/\/travel-advisor.eu\/sr\/wp-json\/wp\/v2\/categories?post=122755"},{"taxonomy":"post_tag","embeddable":true,"href":"https:\/\/travel-advisor.eu\/sr\/wp-json\/wp\/v2\/tags?post=122755"}],"curies":[{"name":"wp","href":"https:\/\/api.w.org\/{rel}","templated":true}]}}